{"id":25249,"date":"2026-08-19T12:36:36","date_gmt":"2026-08-19T10:36:36","guid":{"rendered":"https:\/\/www.emballiso.com\/emballages-isothermes-reutilisables-notre-solution-reuse-reverse-pour-la-chaine-du-froid-pharmaceutique\/"},"modified":"2026-08-19T14:29:26","modified_gmt":"2026-08-19T12:29:26","slug":"emballages-isothermes-reutilisables-notre-solution-reuse-reverse-pour-la-chaine-du-froid-pharmaceutique","status":"publish","type":"post","link":"https:\/\/www.emballiso.com\/fr\/emballages-isothermes-reutilisables-notre-solution-reuse-reverse-pour-la-chaine-du-froid-pharmaceutique\/","title":{"rendered":"Emballages isothermes r\u00e9utilisables : notre solution Reuse &#038; Reverse pour la cha\u00eene du froid pharmaceutique"},"content":{"rendered":"\t\t<div data-elementor-type=\"wp-post\" data-elementor-id=\"25249\" class=\"elementor elementor-25249 elementor-25226\" data-elementor-post-type=\"post\">\n\t\t\t\t<div class=\"elementor-element elementor-element-6db0b3e e-con-full e-flex e-con e-parent\" data-id=\"6db0b3e\" data-element_type=\"container\" data-e-type=\"container\">\n\t\t<div class=\"elementor-element elementor-element-8ce4dbf e-con-full e-flex e-con e-child\" data-id=\"8ce4dbf\" data-element_type=\"container\" data-e-type=\"container\" data-settings=\"{&quot;background_background&quot;:&quot;classic&quot;}\">\n\t\t\t\t<div class=\"elementor-element elementor-element-1a3e34c elementor-widget elementor-widget-text-editor\" data-id=\"1a3e34c\" data-element_type=\"widget\" data-e-type=\"widget\" data-widget_type=\"text-editor.default\">\n\t\t\t\t\t\t\t\t\t<p data-path-to-node=\"1\">Nous proposons des emballages isothermes r\u00e9utilisables pour le transport \u00e0 temp\u00e9rature contr\u00f4l\u00e9e de produits pharmaceutiques, biologiques et de sant\u00e9. Avec notre service Reuse &#038; Reverse, nous g\u00e9rons l\u2019ensemble de la boucle de r\u00e9utilisation de vos emballages : collecte apr\u00e8s utilisation, contr\u00f4le qualit\u00e9, nettoyage, r\u00e9paration, remise en \u00e9tat et repositionnement. <\/p><p data-path-to-node=\"2\">Notre objectif est simple : vous permettre de r\u00e9utiliser vos emballages isothermes tout en optimisant votre supply chain, votre co\u00fbt total de possession (TCO) et votre impact environnemental.<\/p><p data-path-to-node=\"3\">Notre service Reuse &#038; Reverse est une solution d\u2019\u00e9conomie circulaire cl\u00e9 en main con\u00e7ue pour les laboratoires pharmaceutiques, les entreprises de sant\u00e9, les 3PL et les commissionnaires de transport.<\/p>\t\t\t\t\t\t\t\t<\/div>\n\t\t\t\t<div class=\"elementor-element elementor-element-5942ef6 elementor-widget elementor-widget-heading\" data-id=\"5942ef6\" data-element_type=\"widget\" data-e-type=\"widget\" data-widget_type=\"heading.default\">\n\t\t\t\t\t<h1 class=\"elementor-heading-title elementor-size-default\">Qu\u2019est-ce qu\u2019un emballage isotherme r\u00e9utilisable ?<\/h1>\t\t\t\t<\/div>\n\t\t\t\t<div class=\"elementor-element elementor-element-786c90a elementor-widget elementor-widget-text-editor\" data-id=\"786c90a\" data-element_type=\"widget\" data-e-type=\"widget\" data-widget_type=\"text-editor.default\">\n\t\t\t\t\t\t\t\t\t<p data-path-to-node=\"6\">Un emballage isotherme r\u00e9utilisable est con\u00e7u pour prot\u00e9ger les produits sensibles \u00e0 la temp\u00e9rature lors de plusieurs exp\u00e9ditions. Entre deux utilisations, il est r\u00e9cup\u00e9r\u00e9, inspect\u00e9, nettoy\u00e9 et remis en \u00e9tat avant d\u2019\u00eatre r\u00e9introduit dans la cha\u00eene logistique. <\/p><p data-path-to-node=\"7\">Contrairement \u00e0 un mod\u00e8le lin\u00e9aire fond\u00e9 sur le principe \u00ab prendre, fabriquer, jeter \u00bb, la r\u00e9utilisation cr\u00e9e une boucle logistique circulaire.<\/p><p data-path-to-node=\"8\">Ce principe est particuli\u00e8rement pertinent pour les cha\u00eenes du froid pharmaceutiques n\u00e9cessitant des exp\u00e9ditions internationales r\u00e9guli\u00e8res.<br\/><\/p>\t\t\t\t\t\t\t\t<\/div>\n\t\t\t\t<div class=\"elementor-element elementor-element-cccf353 elementor-widget elementor-widget-heading\" data-id=\"cccf353\" data-element_type=\"widget\" data-e-type=\"widget\" data-widget_type=\"heading.default\">\n\t\t\t\t\t<h1 class=\"elementor-heading-title elementor-size-default\">Pourquoi choisir des emballages isothermes r\u00e9utilisables ?<br \/><\/h1>\t\t\t\t<\/div>\n\t\t\t\t<div class=\"elementor-element elementor-element-0409ac1 elementor-widget elementor-widget-text-editor\" data-id=\"0409ac1\" data-element_type=\"widget\" data-e-type=\"widget\" data-widget_type=\"text-editor.default\">\n\t\t\t\t\t\t\t\t\t<p data-path-to-node=\"11\">La r\u00e9utilisation permet notamment de :<br\/><\/p><ul data-path-to-node=\"12\"><li><p data-path-to-node=\"12,0,0\">r\u00e9duire les d\u00e9chets associ\u00e9s aux emballages \u00e0 usage unique ;<br\/><\/p><\/li><li><p data-path-to-node=\"12,1,0\">diminuer le besoin de fabriquer de nouveaux emballages ;<br\/><\/p><\/li><li><p data-path-to-node=\"12,2,0\">r\u00e9duire l\u2019empreinte environnementale des solutions de transport ;<br\/><\/p><\/li><li><p data-path-to-node=\"12,2,0\">mutualiser un parc d\u2019emballages sur plusieurs flux et destinations.<br\/><\/p><\/li><\/ul><p data-path-to-node=\"13\">Cependant, la pertinence de ce mod\u00e8le d\u00e9pend des caract\u00e9ristiques propres \u00e0 chaque flux : nombre d\u2019exp\u00e9ditions, taux de retour, nombre de rotations, distances, modes de transport et organisation logistique.<br\/><\/p>\t\t\t\t\t\t\t\t<\/div>\n\t\t\t\t<div class=\"elementor-element elementor-element-4d9e13f elementor-widget elementor-widget-heading\" data-id=\"4d9e13f\" data-element_type=\"widget\" data-e-type=\"widget\" data-widget_type=\"heading.default\">\n\t\t\t\t\t<h1 class=\"elementor-heading-title elementor-size-default\">Qu\u2019est-ce que le Reuse &amp; Reverse Logistics ?<br \/><\/h1>\t\t\t\t<\/div>\n\t\t\t\t<div class=\"elementor-element elementor-element-8b54079 elementor-widget elementor-widget-text-editor\" data-id=\"8b54079\" data-element_type=\"widget\" data-e-type=\"widget\" data-widget_type=\"text-editor.default\">\n\t\t\t\t\t\t\t\t\t<p data-path-to-node=\"16\">Le Reuse &#038; Reverse Logistics d\u00e9signe l\u2019ensemble des op\u00e9rations permettant de r\u00e9cup\u00e9rer les emballages apr\u00e8s utilisation afin de les int\u00e9grer dans un nouveau cycle logistique.<br\/><\/p><p data-path-to-node=\"17\">Chez EMBALL\u2019ISO, notre service Reuse &#038; Reverse couvre trois grandes \u00e9tapes :<br\/><\/p><ul data-path-to-node=\"18\"><li><p data-path-to-node=\"18,0,0\">la collecte des emballages sur le lieu de livraison ;<br\/><\/p><\/li><li><p data-path-to-node=\"18,1,0\">la remise en \u00e9tat, comprenant le contr\u00f4le qualit\u00e9, le nettoyage et la r\u00e9paration ;<br\/><\/p><\/li><li><p data-path-to-node=\"18,2,0\">le repositionnement, lorsque cela est n\u00e9cessaire, afin de permettre une nouvelle utilisation.<br\/><\/p><\/li><\/ul><p data-path-to-node=\"19\">Nous prenons en charge ces op\u00e9rations afin de simplifier la r\u00e9utilisation des emballages pour nos clients.<br\/><\/p>\t\t\t\t\t\t\t\t<\/div>\n\t\t\t\t<div class=\"elementor-element elementor-element-e9b0fae elementor-widget elementor-widget-image\" data-id=\"e9b0fae\" data-element_type=\"widget\" data-e-type=\"widget\" data-widget_type=\"image.default\">\n\t\t\t\t\t\t\t\t\t\t\t\t\t\t\t<img fetchpriority=\"high\" decoding=\"async\" width=\"768\" height=\"1226\" src=\"https:\/\/www.emballiso.com\/wp-content\/uploads\/EMBALLISO-Reuse-Reverse-768x1226.jpg\" class=\"attachment-medium_large size-medium_large wp-image-25253\" alt=\"\" srcset=\"https:\/\/www.emballiso.com\/wp-content\/uploads\/EMBALLISO-Reuse-Reverse-768x1226.jpg 768w, https:\/\/www.emballiso.com\/wp-content\/uploads\/EMBALLISO-Reuse-Reverse-188x300.jpg 188w, https:\/\/www.emballiso.com\/wp-content\/uploads\/EMBALLISO-Reuse-Reverse-642x1024.jpg 642w, https:\/\/www.emballiso.com\/wp-content\/uploads\/EMBALLISO-Reuse-Reverse-963x1536.jpg 963w, https:\/\/www.emballiso.com\/wp-content\/uploads\/EMBALLISO-Reuse-Reverse-1283x2048.jpg 1283w, https:\/\/www.emballiso.com\/wp-content\/uploads\/EMBALLISO-Reuse-Reverse-600x957.jpg 600w, https:\/\/www.emballiso.com\/wp-content\/uploads\/EMBALLISO-Reuse-Reverse.jpg 1410w\" sizes=\"(max-width: 768px) 100vw, 768px\" \/>\t\t\t\t\t\t\t\t\t\t\t\t\t\t\t<\/div>\n\t\t\t\t<div class=\"elementor-element elementor-element-8cf5707 elementor-widget elementor-widget-heading\" data-id=\"8cf5707\" data-element_type=\"widget\" data-e-type=\"widget\" data-widget_type=\"heading.default\">\n\t\t\t\t\t<h1 class=\"elementor-heading-title elementor-size-default\">Comment fonctionne notre service Reuse &amp; Reverse ?<br \/><\/h1>\t\t\t\t<\/div>\n\t\t\t\t<div class=\"elementor-element elementor-element-da55086 elementor-widget elementor-widget-heading\" data-id=\"da55086\" data-element_type=\"widget\" data-e-type=\"widget\" data-widget_type=\"heading.default\">\n\t\t\t\t\t<h1 class=\"elementor-heading-title elementor-size-default\">1. Collecte des emballages apr\u00e8s livraison<br \/><\/h1>\t\t\t\t<\/div>\n\t\t\t\t<div class=\"elementor-element elementor-element-309d114 elementor-widget elementor-widget-text-editor\" data-id=\"309d114\" data-element_type=\"widget\" data-e-type=\"widget\" data-widget_type=\"text-editor.default\">\n\t\t\t\t\t\t\t\t\t<p data-path-to-node=\"23\">Apr\u00e8s r\u00e9ception du produit sensible \u00e0 la temp\u00e9rature, nous organisons la r\u00e9cup\u00e9ration de l\u2019emballage directement sur le site de livraison.<br\/><\/p><p data-path-to-node=\"24\">Notre service de collecte est disponible dans plus de 80 pays sur 4 continents.<br\/><\/p><p data-path-to-node=\"25\">Les points de collecte peuvent notamment \u00eatre :<br\/><\/p><ul data-path-to-node=\"26\"><li><p data-path-to-node=\"26,0,0\">des laboratoires pharmaceutiques ;<br\/><\/p><\/li><li><p data-path-to-node=\"26,1,0\">des h\u00f4pitaux et \u00e9tablissements de sant\u00e9 ;<br\/><\/p><\/li><li><p data-path-to-node=\"26,2,0\">des plateformes logistiques ;<br\/><\/p><\/li><li><p data-path-to-node=\"26,3,0\">des centres de distribution ;<br\/><\/p><\/li><li><p data-path-to-node=\"26,4,0\">des sites d\u2019essais cliniques ;<br\/><\/p><\/li><li><p data-path-to-node=\"26,5,0\">des pharmacies et autres points de livraison sp\u00e9cialis\u00e9s.<br\/><\/p><\/li><\/ul><p data-path-to-node=\"27\">Afin de faciliter les retours, nous avons d\u00e9velopp\u00e9 un syst\u00e8me de collecte accessible via un QR code int\u00e9gr\u00e9 \u00e0 l\u2019emballage.<br\/><\/p>\t\t\t\t\t\t\t\t<\/div>\n\t\t\t\t<div class=\"elementor-element elementor-element-f25de95 elementor-widget elementor-widget-heading\" data-id=\"f25de95\" data-element_type=\"widget\" data-e-type=\"widget\" data-widget_type=\"heading.default\">\n\t\t\t\t\t<h1 class=\"elementor-heading-title elementor-size-default\">2. Remise en \u00e9tat et contr\u00f4le qualit\u00e9<br \/><\/h1>\t\t\t\t<\/div>\n\t\t\t\t<div class=\"elementor-element elementor-element-554f432 elementor-widget elementor-widget-text-editor\" data-id=\"554f432\" data-element_type=\"widget\" data-e-type=\"widget\" data-widget_type=\"text-editor.default\">\n\t\t\t\t\t\t\t\t\t<p data-path-to-node=\"29\">Une fois collect\u00e9, l\u2019emballage est achemin\u00e9 vers le centre de services EMBALL\u2019ISO appropri\u00e9.<br\/><\/p><p data-path-to-node=\"30\">Nous r\u00e9alisons ensuite les op\u00e9rations n\u00e9cessaires \u00e0 sa remise en circulation :<br\/><\/p><ul data-path-to-node=\"31\"><li><p data-path-to-node=\"31,0,0\">contr\u00f4le qualit\u00e9 ;<br\/><\/p><\/li><li><p data-path-to-node=\"31,1,0\">inspection de l\u2019emballage ;<br\/><\/p><\/li><li><p data-path-to-node=\"31,2,0\">nettoyage<\/p><\/li><li><p data-path-to-node=\"31,3,0\">r\u00e9paration si n\u00e9cessaire ;<br\/><\/p><\/li><li><p data-path-to-node=\"31,4,0\">remplacement des composants concern\u00e9s ;<br\/><\/p><\/li><li><p data-path-to-node=\"31,5,0\">contr\u00f4le fonctionnel ;<br\/><\/p><\/li><li><p data-path-to-node=\"31,6,0\">validation avant r\u00e9utilisation.<br\/><\/p><\/li><\/ul><p data-path-to-node=\"32\">Notre objectif est de nous assurer que l\u2019emballage r\u00e9pond aux crit\u00e8res de qualit\u00e9 d\u00e9finis avant sa r\u00e9introduction dans la cha\u00eene logistique.<br\/><\/p>\t\t\t\t\t\t\t\t<\/div>\n\t\t\t\t<div class=\"elementor-element elementor-element-fc8377e elementor-widget elementor-widget-heading\" data-id=\"fc8377e\" data-element_type=\"widget\" data-e-type=\"widget\" data-widget_type=\"heading.default\">\n\t\t\t\t\t<h1 class=\"elementor-heading-title elementor-size-default\">3. Repositionnement pour un nouveau cycle<br \/><\/h1>\t\t\t\t<\/div>\n\t\t\t\t<div class=\"elementor-element elementor-element-330f7b9 elementor-widget elementor-widget-text-editor\" data-id=\"330f7b9\" data-element_type=\"widget\" data-e-type=\"widget\" data-widget_type=\"text-editor.default\">\n\t\t\t\t\t\t\t\t\t<p data-path-to-node=\"34\">Apr\u00e8s sa remise en \u00e9tat, l\u2019emballage peut \u00eatre :<br\/><\/p><ul data-path-to-node=\"35\"><li><p data-path-to-node=\"35,0,0\">r\u00e9utilis\u00e9 localement ;<br\/><\/p><\/li><li><p data-path-to-node=\"35,1,0\">stock\u00e9 dans un centre de services ;<br\/><\/p><\/li><li><p data-path-to-node=\"35,2,0\">repositionn\u00e9 vers une autre r\u00e9gion ;<br\/><\/p><\/li><li><p data-path-to-node=\"35,3,0\">r\u00e9exp\u00e9di\u00e9 vers un client qui en a besoin.<br\/><\/p><\/li><\/ul><p data-path-to-node=\"36\">Le repositionnement est syst\u00e9matiquement r\u00e9alis\u00e9 par transport maritime.<br\/><\/p>\t\t\t\t\t\t\t\t<\/div>\n\t\t\t\t<div class=\"elementor-element elementor-element-aa79e5d elementor-widget elementor-widget-heading\" data-id=\"aa79e5d\" data-element_type=\"widget\" data-e-type=\"widget\" data-widget_type=\"heading.default\">\n\t\t\t\t\t<h1 class=\"elementor-heading-title elementor-size-default\">Quels sont les b\u00e9n\u00e9fices du Reuse &amp; Reverse pour la cha\u00eene du froid pharmaceutique ?<br \/><\/h1>\t\t\t\t<\/div>\n\t\t\t\t<div class=\"elementor-element elementor-element-ad36411 elementor-widget elementor-widget-heading\" data-id=\"ad36411\" data-element_type=\"widget\" data-e-type=\"widget\" data-widget_type=\"heading.default\">\n\t\t\t\t\t<h1 class=\"elementor-heading-title elementor-size-default\">Une solution circulaire cl\u00e9 en main<br \/><\/h1>\t\t\t\t<\/div>\n\t\t\t\t<div class=\"elementor-element elementor-element-4aef8ed elementor-widget elementor-widget-text-editor\" data-id=\"4aef8ed\" data-element_type=\"widget\" data-e-type=\"widget\" data-widget_type=\"text-editor.default\">\n\t\t\t\t\t\t\t\t\t<p data-path-to-node=\"40\">Avec notre service Reuse &#038; Reverse, nous ne nous contentons pas de fournir des emballages isothermes. Nous prenons en charge l\u2019ensemble des op\u00e9rations n\u00e9cessaires \u00e0 leur r\u00e9utilisation : collecte, remise en \u00e9tat et repositionnement.<br\/>Nos clients peuvent ainsi b\u00e9n\u00e9ficier d\u2019un mod\u00e8le de r\u00e9utilisation sans avoir \u00e0 d\u00e9velopper eux-m\u00eames un r\u00e9seau international de collecte et de traitement.<br\/><br\/>  <\/p>\t\t\t\t\t\t\t\t<\/div>\n\t\t\t\t<div class=\"elementor-element elementor-element-6a55092 elementor-widget elementor-widget-heading\" data-id=\"6a55092\" data-element_type=\"widget\" data-e-type=\"widget\" data-widget_type=\"heading.default\">\n\t\t\t\t\t<h1 class=\"elementor-heading-title elementor-size-default\">R\u00e9duction des d\u00e9chets<br \/><\/h1>\t\t\t\t<\/div>\n\t\t\t\t<div class=\"elementor-element elementor-element-5017c0e elementor-widget elementor-widget-text-editor\" data-id=\"5017c0e\" data-element_type=\"widget\" data-e-type=\"widget\" data-widget_type=\"text-editor.default\">\n\t\t\t\t\t\t\t\t\t<p data-path-to-node=\"42\">La r\u00e9utilisation d\u2019un m\u00eame emballage sur plusieurs cycles permet de r\u00e9duire le nombre d\u2019unit\u00e9s n\u00e9cessaires pour assurer un volume d\u2019exp\u00e9ditions donn\u00e9. Plus le nombre de rotations est \u00e9lev\u00e9, plus le potentiel de r\u00e9duction des d\u00e9chets est important.<br\/> <\/p>\t\t\t\t\t\t\t\t<\/div>\n\t\t\t\t<div class=\"elementor-element elementor-element-0ceaf2a elementor-widget elementor-widget-heading\" data-id=\"0ceaf2a\" data-element_type=\"widget\" data-e-type=\"widget\" data-widget_type=\"heading.default\">\n\t\t\t\t\t<h1 class=\"elementor-heading-title elementor-size-default\">R\u00e9duction de l\u2019empreinte carbone<br \/><\/h1>\t\t\t\t<\/div>\n\t\t\t\t<div class=\"elementor-element elementor-element-8ee828f elementor-widget elementor-widget-text-editor\" data-id=\"8ee828f\" data-element_type=\"widget\" data-e-type=\"widget\" data-widget_type=\"text-editor.default\">\n\t\t\t\t\t\t\t\t\t<p data-path-to-node=\"44\">La r\u00e9utilisation limite la fabrication r\u00e9p\u00e9t\u00e9e de nouveaux emballages et optimise les flux logistiques associ\u00e9s \u00e0 leur r\u00e9cup\u00e9ration.<br\/>Selon une \u00e9tude de cas client r\u00e9alis\u00e9e sur trois ans et pr\u00e9sent\u00e9e par EMBALL\u2019ISO, la comparaison entre un Pallet Shipper \u00e0 usage unique et un Pallet Shipper r\u00e9utilis\u00e9 15 fois et repositionn\u00e9 par transport maritime montre jusqu\u2019\u00e0 93 % de r\u00e9duction des \u00e9missions de CO\u2082. <\/p>\t\t\t\t\t\t\t\t<\/div>\n\t\t\t\t<div class=\"elementor-element elementor-element-45cb4b8 elementor-widget elementor-widget-heading\" data-id=\"45cb4b8\" data-element_type=\"widget\" data-e-type=\"widget\" data-widget_type=\"heading.default\">\n\t\t\t\t\t<h1 class=\"elementor-heading-title elementor-size-default\">Quand utiliser des emballages isothermes r\u00e9utilisables ?<br \/><\/h1>\t\t\t\t<\/div>\n\t\t\t\t<div class=\"elementor-element elementor-element-40389bf elementor-widget elementor-widget-text-editor\" data-id=\"40389bf\" data-element_type=\"widget\" data-e-type=\"widget\" data-widget_type=\"text-editor.default\">\n\t\t\t\t\t\t\t\t\t<p data-path-to-node=\"47\">Notre service Reuse &#038; Reverse peut \u00eatre envisag\u00e9 pour diff\u00e9rents produits sensibles \u00e0 la temp\u00e9rature, notamment :<br\/><\/p><ul data-path-to-node=\"48\"><li><p data-path-to-node=\"48,0,0\">les m\u00e9dicaments et produits pharmaceutiques ;<br\/><\/p><\/li><li><p data-path-to-node=\"48,1,0\">les vaccins ;<br\/><\/p><\/li><li><p data-path-to-node=\"48,2,0\">les produits biologiques ;<br\/><\/p><\/li><li><p data-path-to-node=\"48,3,0\">les \u00e9chantillons issus d\u2019essais cliniques ;<br\/><\/p><\/li><li><p data-path-to-node=\"48,4,0\">les th\u00e9rapies innovantes ;<br\/><\/p><\/li><li><p data-path-to-node=\"48,5,0\">les produits biotechnologiques ;<br\/><\/p><\/li><li><p data-path-to-node=\"48,6,0\">les produits de sant\u00e9 animale ;<br\/><\/p><\/li><li><p data-path-to-node=\"48,7,0\">les mat\u00e9riaux de diagnostic ;<br\/><\/p><\/li><li><p data-path-to-node=\"48,8,0\">les dispositifs et produits biom\u00e9dicaux sensibles \u00e0 la temp\u00e9rature.<br\/><\/p><\/li><\/ul><p data-path-to-node=\"49\">EMBALL\u2019ISO propose des solutions adapt\u00e9es \u00e0 diff\u00e9rents formats d\u2019exp\u00e9dition, des colis aux solutions de grande capacit\u00e9 destin\u00e9es aux exp\u00e9ditions de General Cargo.<br\/><\/p><p data-path-to-node=\"50\">Le choix de l\u2019emballage d\u00e9pend des caract\u00e9ristiques sp\u00e9cifiques du produit et du transport :<\/p><ul data-path-to-node=\"51\"><li><p data-path-to-node=\"51,0,0\">temp\u00e9rature cible ;<br\/><\/p><\/li><li><p data-path-to-node=\"51,1,0\">dur\u00e9e de protection ;<br\/><\/p><\/li><li><p data-path-to-node=\"51,2,0\">volume de charge utile ;<br\/><\/p><\/li><li><p data-path-to-node=\"51,3,0\">saison ;<br\/><\/p><\/li><li><p data-path-to-node=\"51,4,0\">mode de transport ;<br\/><\/p><\/li><li><p data-path-to-node=\"51,5,0\">exigences de qualification.<br\/><\/p><\/li><\/ul>\t\t\t\t\t\t\t\t<\/div>\n\t\t\t\t<div class=\"elementor-element elementor-element-42e1e3a elementor-widget elementor-widget-heading\" data-id=\"42e1e3a\" data-element_type=\"widget\" data-e-type=\"widget\" data-widget_type=\"heading.default\">\n\t\t\t\t\t<h1 class=\"elementor-heading-title elementor-size-default\">O\u00f9 proposons-nous le service Reuse &amp; Reverse ?<br \/><\/h1>\t\t\t\t<\/div>\n\t\t\t\t<div class=\"elementor-element elementor-element-35a0ce7 elementor-widget elementor-widget-text-editor\" data-id=\"35a0ce7\" data-element_type=\"widget\" data-e-type=\"widget\" data-widget_type=\"text-editor.default\">\n\t\t\t\t\t\t\t\t\t<p data-path-to-node=\"54\">Nous op\u00e9rons un r\u00e9seau international de collecte couvrant plus de 80 pays sur 4 continents. Notre r\u00e9seau de centres de services permet de rapprocher les op\u00e9rations de remise en \u00e9tat des besoins locaux et de faciliter le repositionnement des emballages.<br\/> <\/p><p data-path-to-node=\"55\">La faisabilit\u00e9 d\u2019une boucle de retour est toutefois \u00e9valu\u00e9e au cas par cas, en fonction des destinations, des volumes, des d\u00e9lais et des modes de transport.<br\/><\/p>\t\t\t\t\t\t\t\t<\/div>\n\t\t\t\t<div class=\"elementor-element elementor-element-5b5536c elementor-widget elementor-widget-heading\" data-id=\"5b5536c\" data-element_type=\"widget\" data-e-type=\"widget\" data-widget_type=\"heading.default\">\n\t\t\t\t\t<h1 class=\"elementor-heading-title elementor-size-default\">Reuse &amp; Reverse : une nouvelle approche de la cha\u00eene du froid<\/h1>\t\t\t\t<\/div>\n\t\t\t\t<div class=\"elementor-element elementor-element-6e417da elementor-widget elementor-widget-text-editor\" data-id=\"6e417da\" data-element_type=\"widget\" data-e-type=\"widget\" data-widget_type=\"text-editor.default\">\n\t\t\t\t\t\t\t\t\t<p data-path-to-node=\"58\">Le mod\u00e8le Reuse &#038; Reverse fait \u00e9voluer la logique de l\u2019usage unique vers une approche fond\u00e9e sur le cycle de vie et la r\u00e9utilisation.<br\/>L\u2019emballage devient plus qu\u2019un simple contenant : il s\u2019int\u00e8gre dans un syst\u00e8me logistique global comprenant la collecte, la remise en \u00e9tat et la redistribution. <\/p><p data-path-to-node=\"59\">Notre ambition est de rendre la r\u00e9utilisation des emballages isothermes simple, op\u00e9rationnelle et scalable, y compris pour les cha\u00eenes du froid pharmaceutiques internationales.<\/p>\t\t\t\t\t\t\t\t<\/div>\n\t\t\t\t<div class=\"elementor-element elementor-element-c51776a elementor-widget elementor-widget-heading\" data-id=\"c51776a\" data-element_type=\"widget\" data-e-type=\"widget\" data-widget_type=\"heading.default\">\n\t\t\t\t\t<h1 class=\"elementor-heading-title elementor-size-default\">Vous souhaitez mettre en place une solution d\u2019emballages isothermes r\u00e9utilisables ?<\/h1>\t\t\t\t<\/div>\n\t\t\t\t<div class=\"elementor-element elementor-element-ff609e0 elementor-widget elementor-widget-text-editor\" data-id=\"ff609e0\" data-element_type=\"widget\" data-e-type=\"widget\" data-widget_type=\"text-editor.default\">\n\t\t\t\t\t\t\t\t\t<p data-path-to-node=\"74\">Nous pouvons vous accompagner dans l\u2019analyse de vos flux logistiques et dans le d\u00e9ploiement d\u2019un programme Reuse &#038; Reverse.<\/p><p data-path-to-node=\"75\">Notre accompagnement comprend :<\/p><ul data-path-to-node=\"76\"><li><p data-path-to-node=\"76,0,0\">l\u2019analyse des besoins thermiques ;<br\/><\/p><\/li><li><p data-path-to-node=\"76,1,0\">la s\u00e9lection des emballages ;<\/p><\/li><li><p data-path-to-node=\"76,2,0\">la qualification de la solution ;<br\/><\/p><\/li><li><p data-path-to-node=\"76,3,0\">l\u2019organisation de la collecte ;<br\/><\/p><\/li><li><p data-path-to-node=\"76,4,0\">l\u2019inspection et la remise en \u00e9tat ;<br\/><\/p><\/li><li><p data-path-to-node=\"76,5,0\">le suivi des performances op\u00e9rationnelles et environnementales.<br\/><\/p><\/li><\/ul>\t\t\t\t\t\t\t\t<\/div>\n\t\t\t\t<div class=\"elementor-element elementor-element-dfc46b0 elementor-align-center elementor-widget elementor-widget-button\" data-id=\"dfc46b0\" data-element_type=\"widget\" data-e-type=\"widget\" data-widget_type=\"button.default\">\n\t\t\t\t\t\t\t\t\t\t<a class=\"elementor-button elementor-button-link elementor-size-sm\" href=\"https:\/\/www.emballiso.com\/fr\/contact\/\">\n\t\t\t\t\t\t<span class=\"elementor-button-content-wrapper\">\n\t\t\t\t\t\t\t\t\t<span class=\"elementor-button-text\">Contactez-nous pour \u00e9valuer votre solution Reuse &amp; Reverse<\/span>\n\t\t\t\t\t<\/span>\n\t\t\t\t\t<\/a>\n\t\t\t\t\t\t\t\t<\/div>\n\t\t\t\t<\/div>\n\t\t\t\t<\/div>\n\t\t<div class=\"elementor-element elementor-element-fb57482 e-con-full e-flex e-con e-parent\" data-id=\"fb57482\" data-element_type=\"container\" data-e-type=\"container\" data-settings=\"{&quot;background_background&quot;:&quot;classic&quot;}\">\n\t\t<div class=\"elementor-element elementor-element-ad8cec7 e-flex e-con-boxed e-con e-child\" data-id=\"ad8cec7\" data-element_type=\"container\" data-e-type=\"container\" data-settings=\"{&quot;background_background&quot;:&quot;classic&quot;}\">\n\t\t\t\t\t<div class=\"e-con-inner\">\n\t\t\t\t<div class=\"elementor-element elementor-element-0dedb02 elementor-widget elementor-widget-heading\" data-id=\"0dedb02\" data-element_type=\"widget\" data-e-type=\"widget\" data-widget_type=\"heading.default\">\n\t\t\t\t\t<h2 class=\"elementor-heading-title elementor-size-default\">FAQ \u2013 Emballages isothermes r\u00e9utilisables et Reuse &amp; Reverse<br \/>\n\n\n<\/h2>\t\t\t\t<\/div>\n\t\t\t\t<div class=\"elementor-element elementor-element-1709187 elementor-icon-list--layout-traditional elementor-list-item-link-full_width elementor-widget elementor-widget-icon-list\" data-id=\"1709187\" data-element_type=\"widget\" data-e-type=\"widget\" data-widget_type=\"icon-list.default\">\n\t\t\t\t\t\t\t<ul class=\"elementor-icon-list-items\">\n\t\t\t\t\t\t\t<li class=\"elementor-icon-list-item\">\n\t\t\t\t\t\t\t\t\t\t\t<span class=\"elementor-icon-list-icon\">\n\t\t\t\t\t\t\t<svg aria-hidden=\"true\" class=\"e-font-icon-svg e-fas-check\" viewBox=\"0 0 512 512\" xmlns=\"http:\/\/www.w3.org\/2000\/svg\"><path d=\"M173.898 439.404l-166.4-166.4c-9.997-9.997-9.997-26.206 0-36.204l36.203-36.204c9.997-9.998 26.207-9.998 36.204 0L192 312.69 432.095 72.596c9.997-9.997 26.207-9.997 36.204 0l36.203 36.204c9.997 9.997 9.997 26.206 0 36.204l-294.4 294.401c-9.998 9.997-26.207 9.997-36.204-.001z\"><\/path><\/svg>\t\t\t\t\t\t<\/span>\n\t\t\t\t\t\t\t\t\t\t<span class=\"elementor-icon-list-text\"><strong>Qu\u2019est-ce qu\u2019un emballage isotherme r\u00e9utilisable ?<\/strong><br><p data-start=\"8523\" data-end=\"8775\">Un emballage isotherme r\u00e9utilisable est une solution con\u00e7ue pour prot\u00e9ger un produit sensible \u00e0 la temp\u00e9rature lors de plusieurs exp\u00e9ditions. Apr\u00e8s utilisation, il est collect\u00e9, inspect\u00e9, nettoy\u00e9 et remis en \u00e9tat avant d\u2019\u00eatre r\u00e9introduit dans le cycle.<span style=\"background-color: transparent;letter-spacing: 0px\"><\/span><\/p><\/span>\n\t\t\t\t\t\t\t\t\t<\/li>\n\t\t\t\t\t\t\t\t<li class=\"elementor-icon-list-item\">\n\t\t\t\t\t\t\t\t\t\t\t<span class=\"elementor-icon-list-icon\">\n\t\t\t\t\t\t\t<svg aria-hidden=\"true\" class=\"e-font-icon-svg e-fas-check\" viewBox=\"0 0 512 512\" xmlns=\"http:\/\/www.w3.org\/2000\/svg\"><path d=\"M173.898 439.404l-166.4-166.4c-9.997-9.997-9.997-26.206 0-36.204l36.203-36.204c9.997-9.998 26.207-9.998 36.204 0L192 312.69 432.095 72.596c9.997-9.997 26.207-9.997 36.204 0l36.203 36.204c9.997 9.997 9.997 26.206 0 36.204l-294.4 294.401c-9.998 9.997-26.207 9.997-36.204-.001z\"><\/path><\/svg>\t\t\t\t\t\t<\/span>\n\t\t\t\t\t\t\t\t\t\t<span class=\"elementor-icon-list-text\"><b data-path-to-node=\"64\" data-index-in-node=\"0\" style=\"background-color: transparent;letter-spacing: 0px\">Comment fonctionne le Reuse &amp; Reverse d\u2019EMBALL\u2019ISO ?<\/b><br><p data-start=\"8835\" data-end=\"9132\">Notre service repose sur trois \u00e9tapes principales : <span data-start=\"8887\" data-end=\"8944\">la collecte, la remise en \u00e9tat et le repositionnement<\/span>. Nous organisons la r\u00e9cup\u00e9ration des emballages apr\u00e8s livraison, r\u00e9alisons le contr\u00f4le qualit\u00e9, le nettoyage et les r\u00e9parations n\u00e9cessaires, puis les r\u00e9int\u00e9grons dans le cycle logistique.<span style=\"background-color: transparent;letter-spacing: 0px\"><\/span><\/p><\/span>\n\t\t\t\t\t\t\t\t\t<\/li>\n\t\t\t\t\t\t\t\t<li class=\"elementor-icon-list-item\">\n\t\t\t\t\t\t\t\t\t\t\t<span class=\"elementor-icon-list-icon\">\n\t\t\t\t\t\t\t<svg aria-hidden=\"true\" class=\"e-font-icon-svg e-fas-check\" viewBox=\"0 0 512 512\" xmlns=\"http:\/\/www.w3.org\/2000\/svg\"><path d=\"M173.898 439.404l-166.4-166.4c-9.997-9.997-9.997-26.206 0-36.204l36.203-36.204c9.997-9.998 26.207-9.998 36.204 0L192 312.69 432.095 72.596c9.997-9.997 26.207-9.997 36.204 0l36.203 36.204c9.997 9.997 9.997 26.206 0 36.204l-294.4 294.401c-9.998 9.997-26.207 9.997-36.204-.001z\"><\/path><\/svg>\t\t\t\t\t\t<\/span>\n\t\t\t\t\t\t\t\t\t\t<span class=\"elementor-icon-list-text\"><b>Dans combien de pays EMBALL\u2019ISO collecte-t-elle les emballages ?<\/b><br><span style=\"background-color: transparent;letter-spacing: 0px\">Nous proposons un service de collecte dans plus de <\/span><span data-start=\"9255\" data-end=\"9283\" style=\"background-color: transparent;letter-spacing: 0px\">80 pays sur 4 continents<\/span><span style=\"background-color: transparent;letter-spacing: 0px\">. La faisabilit\u00e9 op\u00e9rationnelle doit toutefois \u00eatre confirm\u00e9e en fonction de la destination et des caract\u00e9ristiques du projet.<\/span><\/span>\n\t\t\t\t\t\t\t\t\t<\/li>\n\t\t\t\t\t\t\t\t<li class=\"elementor-icon-list-item\">\n\t\t\t\t\t\t\t\t\t\t\t<span class=\"elementor-icon-list-icon\">\n\t\t\t\t\t\t\t<svg aria-hidden=\"true\" class=\"e-font-icon-svg e-fas-check\" viewBox=\"0 0 512 512\" xmlns=\"http:\/\/www.w3.org\/2000\/svg\"><path d=\"M173.898 439.404l-166.4-166.4c-9.997-9.997-9.997-26.206 0-36.204l36.203-36.204c9.997-9.998 26.207-9.998 36.204 0L192 312.69 432.095 72.596c9.997-9.997 26.207-9.997 36.204 0l36.203 36.204c9.997 9.997 9.997 26.206 0 36.204l-294.4 294.401c-9.998 9.997-26.207 9.997-36.204-.001z\"><\/path><\/svg>\t\t\t\t\t\t<\/span>\n\t\t\t\t\t\t\t\t\t\t<span class=\"elementor-icon-list-text\"><b>Un emballage r\u00e9utilis\u00e9 est-il aussi performant qu\u2019un emballage neuf ?<\/b><br><p data-path-to-node=\"69\"><span style=\"background-color: transparent;letter-spacing: 0px\">Oui. Un emballage r\u00e9utilis\u00e9 offre les m\u00eames performances qu\u2019un emballage neuf, \u00e0 condition d\u2019\u00eatre inspect\u00e9, nettoy\u00e9 et remis en \u00e9tat si n\u00e9cessaire avant sa r\u00e9introduction dans le cycle. Il est ensuite remis en circulation conform\u00e9ment aux crit\u00e8res de qualit\u00e9 d\u00e9finis dans le programme de r\u00e9utilisation.<\/span><span style=\"background-color: transparent;letter-spacing: 0px\"><\/span><\/p><\/span>\n\t\t\t\t\t\t\t\t\t<\/li>\n\t\t\t\t\t\t\t\t<li class=\"elementor-icon-list-item\">\n\t\t\t\t\t\t\t\t\t\t\t<span class=\"elementor-icon-list-icon\">\n\t\t\t\t\t\t\t<svg aria-hidden=\"true\" class=\"e-font-icon-svg e-fas-check\" viewBox=\"0 0 512 512\" xmlns=\"http:\/\/www.w3.org\/2000\/svg\"><path d=\"M173.898 439.404l-166.4-166.4c-9.997-9.997-9.997-26.206 0-36.204l36.203-36.204c9.997-9.998 26.207-9.998 36.204 0L192 312.69 432.095 72.596c9.997-9.997 26.207-9.997 36.204 0l36.203 36.204c9.997 9.997 9.997 26.206 0 36.204l-294.4 294.401c-9.998 9.997-26.207 9.997-36.204-.001z\"><\/path><\/svg>\t\t\t\t\t\t<\/span>\n\t\t\t\t\t\t\t\t\t\t<span class=\"elementor-icon-list-text\"><b>Les retours des emballages sont-ils toujours effectu\u00e9s par transport a\u00e9rien ?<\/b><br><p data-start=\"9873\" data-end=\"10013\">Non. Le mode de transport est s\u00e9lectionn\u00e9 en fonction des contraintes op\u00e9rationnelles, des d\u00e9lais, des co\u00fbts et de l\u2019impact environnemental. <span style=\"background-color: transparent;letter-spacing: 0px\">Lorsque cela est compatible avec les besoins op\u00e9rationnels, nous privil\u00e9gions des solutions de transport \u00e0 plus faible empreinte carbone, telles que le <\/span><strong data-start=\"10167\" data-end=\"10235\" style=\"background-color: transparent;letter-spacing: 0px\">transport maritime pour certaines op\u00e9rations de repositionnement<\/strong><span style=\"background-color: transparent;letter-spacing: 0px\">.<\/span><\/p><\/span>\n\t\t\t\t\t\t\t\t\t<\/li>\n\t\t\t\t\t\t<\/ul>\n\t\t\t\t\t\t<\/div>\n\t\t\t\t\t<\/div>\n\t\t\t\t<\/div>\n\t\t\t\t<\/div>\n\t\t<div class=\"elementor-element elementor-element-8cc797b e-flex e-con-boxed e-con e-parent\" data-id=\"8cc797b\" data-element_type=\"container\" data-e-type=\"container\">\n\t\t\t\t\t<div class=\"e-con-inner\">\n\t\t\t\t\t<\/div>\n\t\t\t\t<\/div>\n\t\t\t\t<\/div>\n\t\t","protected":false},"excerpt":{"rendered":"<p>Nous proposons des emballages isothermes r\u00e9utilisables pour le transport \u00e0 temp\u00e9rature contr\u00f4l\u00e9e de produits pharmaceutiques, biologiques et de sant\u00e9. Avec notre service Reuse &#038; Reverse, nous g\u00e9rons l\u2019ensemble de la boucle de r\u00e9utilisation de vos emballages : collecte apr\u00e8s utilisation, contr\u00f4le qualit\u00e9, nettoyage, r\u00e9paration, remise en \u00e9tat et repositionnement. <\/p>\n","protected":false},"author":4,"featured_media":25232,"comment_status":"closed","ping_status":"closed","sticky":false,"template":"","format":"standard","meta":{"_acf_changed":false,"footnotes":""},"categories":[205],"tags":[],"class_list":["post-25249","post","type-post","status-publish","format-standard","has-post-thumbnail","hentry","category-blog-2"],"acf":[],"_links":{"self":[{"href":"https:\/\/www.emballiso.com\/fr\/wp-json\/wp\/v2\/posts\/25249","targetHints":{"allow":["GET"]}}],"collection":[{"href":"https:\/\/www.emballiso.com\/fr\/wp-json\/wp\/v2\/posts"}],"about":[{"href":"https:\/\/www.emballiso.com\/fr\/wp-json\/wp\/v2\/types\/post"}],"author":[{"embeddable":true,"href":"https:\/\/www.emballiso.com\/fr\/wp-json\/wp\/v2\/users\/4"}],"replies":[{"embeddable":true,"href":"https:\/\/www.emballiso.com\/fr\/wp-json\/wp\/v2\/comments?post=25249"}],"version-history":[{"count":5,"href":"https:\/\/www.emballiso.com\/fr\/wp-json\/wp\/v2\/posts\/25249\/revisions"}],"predecessor-version":[{"id":25265,"href":"https:\/\/www.emballiso.com\/fr\/wp-json\/wp\/v2\/posts\/25249\/revisions\/25265"}],"wp:featuredmedia":[{"embeddable":true,"href":"https:\/\/www.emballiso.com\/fr\/wp-json\/wp\/v2\/media\/25232"}],"wp:attachment":[{"href":"https:\/\/www.emballiso.com\/fr\/wp-json\/wp\/v2\/media?parent=25249"}],"wp:term":[{"taxonomy":"category","embeddable":true,"href":"https:\/\/www.emballiso.com\/fr\/wp-json\/wp\/v2\/categories?post=25249"},{"taxonomy":"post_tag","embeddable":true,"href":"https:\/\/www.emballiso.com\/fr\/wp-json\/wp\/v2\/tags?post=25249"}],"curies":[{"name":"wp","href":"https:\/\/api.w.org\/{rel}","templated":true}]}}