{"id":25133,"date":"2026-08-18T15:03:20","date_gmt":"2026-08-18T13:03:20","guid":{"rendered":"https:\/\/www.emballiso.com\/medizinische-isoliertasche-transport-auf-der-letzten-meile\/"},"modified":"2026-08-19T09:59:35","modified_gmt":"2026-08-19T07:59:35","slug":"medizinische-isoliertasche-transport-auf-der-letzten-meile","status":"publish","type":"post","link":"https:\/\/www.emballiso.com\/de\/medizinische-isoliertasche-transport-auf-der-letzten-meile\/","title":{"rendered":"Medizinische Isoliertasche: Transport auf der letzten Meile"},"content":{"rendered":"\t\t<div data-elementor-type=\"wp-post\" data-elementor-id=\"25133\" class=\"elementor elementor-25133 elementor-25086\" data-elementor-post-type=\"post\">\n\t\t\t\t<div class=\"elementor-element elementor-element-6db0b3e e-con-full e-flex e-con e-parent\" data-id=\"6db0b3e\" data-element_type=\"container\" data-e-type=\"container\">\n\t\t<div class=\"elementor-element elementor-element-8ce4dbf e-con-full e-flex e-con e-child\" data-id=\"8ce4dbf\" data-element_type=\"container\" data-e-type=\"container\" data-settings=\"{&quot;background_background&quot;:&quot;classic&quot;}\">\n\t\t\t\t<div class=\"elementor-element elementor-element-1a3e34c elementor-widget elementor-widget-text-editor\" data-id=\"1a3e34c\" data-element_type=\"widget\" data-e-type=\"widget\" data-widget_type=\"text-editor.default\">\n\t\t\t\t\t\t\t\t\t<p class=\"PDq2pG_selectionAnchorContainer\" data-start=\"47\" data-end=\"338\">Eine medizinische Isoliertasche ist ein tragbares Beh\u00e4ltnis, das speziell daf\u00fcr entwickelt wurde, temperaturempfindliche Produkte wie Medikamente, Impfstoffe, Insulin oder Laborproben w\u00e4hrend kurzer Transportwege unter kontrollierten Temperaturbedingungen zu halten. Sie wird typischerweise f\u00fcr die letzte Meile eingesetzt, also f\u00fcr den Transport bis zum Wohnsitz des Patienten oder zum Behandlungsort.<\/p><p data-start=\"340\" data-end=\"791\">Im Gegensatz zu einer K\u00fchlbox f\u00fcr den Endverbraucher wird eine professionelle Isoliertasche wie die von EMBALL&#8217;ISO unter realen Transportbedingungen getestet. Sie gew\u00e4hrleistet die Einhaltung eines Temperaturbereichs von +2 \u00b0C bis +8 \u00b0C f\u00fcr bis zu 24 Stunden und entspricht der Norm AFNOR NF S 99-700, welche Systeme zur Aufrechterhaltung der K\u00fchlkette regelt. Diese Norm dient dem Forschungs- und Entwicklungslabor als Referenz f\u00fcr die Durchf\u00fchrung thermischer Tests. <\/p>\t\t\t\t\t\t\t\t<\/div>\n\t\t\t\t<div class=\"elementor-element elementor-element-5942ef6 elementor-widget elementor-widget-heading\" data-id=\"5942ef6\" data-element_type=\"widget\" data-e-type=\"widget\" data-widget_type=\"heading.default\">\n\t\t\t\t\t<h1 class=\"elementor-heading-title elementor-size-default\">Warum eine Isoliertasche statt einer herk\u00f6mmlichen K\u00fchlbox?<\/h1>\t\t\t\t<\/div>\n\t\t\t\t<div class=\"elementor-element elementor-element-786c90a elementor-widget elementor-widget-text-editor\" data-id=\"786c90a\" data-element_type=\"widget\" data-e-type=\"widget\" data-widget_type=\"text-editor.default\">\n\t\t\t\t\t\t\t\t\t<p class=\"PDq2pG_selectionAnchorContainer\" data-start=\"856\" data-end=\"1174\">Isolierbeh\u00e4lter aus Polystyrol (extrudiert oder expandiert) oder mit VIP-Paneelen (Vakuumisolationspaneelen) gew\u00e4hrleisten den sicheren Transport gro\u00dfer Mengen, h\u00e4ufig auf Paletten, \u00fcber lange Transportstrecken. Nach der Ankunft am Bestimmungsort bleibt jedoch ein letzter kritischer Schritt: die lokale Verteilung an Patienten zu Hause, Arztpraxen oder Apotheken. Genau hierf\u00fcr wurde die Isoliertasche entwickelt. <\/p><p data-start=\"1176\" data-end=\"1246\">Genau hier kommt die medizinische Isoliertasche zum Einsatz.<\/p>\t\t\t\t\t\t\t\t<\/div>\n\t\t\t\t<div class=\"elementor-element elementor-element-c55c518 elementor-widget elementor-widget-heading\" data-id=\"c55c518\" data-element_type=\"widget\" data-e-type=\"widget\" data-widget_type=\"heading.default\">\n\t\t\t\t\t<h1 class=\"elementor-heading-title elementor-size-default\">Professionelle Isoliertaschen unterscheiden sich von herk\u00f6mmlichen K\u00fchlboxen in drei wesentlichen Punkten:<br \/><\/h1>\t\t\t\t<\/div>\n\t\t\t\t<div class=\"elementor-element elementor-element-b6eddbd elementor-widget elementor-widget-text-editor\" data-id=\"b6eddbd\" data-element_type=\"widget\" data-e-type=\"widget\" data-widget_type=\"text-editor.default\">\n\t\t\t\t\t\t\t\t\t<ul><li data-section-id=\"13bsjet\" data-start=\"1331\" data-end=\"1427\">W\u00e4rmed\u00e4mmung mit einer integrierten Polystyrol-Innenschale zur Optimierung der thermischen Leistung.<\/li><li data-section-id=\"i1139w\" data-start=\"1428\" data-end=\"1510\">Nachgewiesene und dokumentierte Leistungsf\u00e4higkeit, gepr\u00fcft in einer Klimakammer.<br \/><\/li><\/ul>\t\t\t\t\t\t\t\t<\/div>\n\t\t\t\t<div class=\"elementor-element elementor-element-b6b4011 elementor-widget elementor-widget-heading\" data-id=\"b6b4011\" data-element_type=\"widget\" data-e-type=\"widget\" data-widget_type=\"heading.default\">\n\t\t\t\t\t<h1 class=\"elementor-heading-title elementor-size-default\">Anwendungsbereiche medizinischer Isoliertaschen<\/h1>\t\t\t\t<\/div>\n\t\t\t\t<div class=\"elementor-element elementor-element-69eaeb3 elementor-widget elementor-widget-text-editor\" data-id=\"69eaeb3\" data-element_type=\"widget\" data-e-type=\"widget\" data-widget_type=\"text-editor.default\">\n\t\t\t\t\t\t\t\t\t<p class=\"PDq2pG_selectionAnchorContainer\" data-start=\"1559\" data-end=\"1609\">Die medizinische Isoliertasche eignet sich besonders f\u00fcr:<\/p><ul data-start=\"1611\" data-end=\"1946\"><li data-section-id=\"etv95u\" data-start=\"1611\" data-end=\"1713\">Die Auslieferung temperatursensibler Medikamente an den Wohnsitz von Patienten (Insulin, injizierbare Therapien usw.)<\/li><li data-section-id=\"jv9z7l\" data-start=\"1714\" data-end=\"1758\">Den Transport von Impfstoffen \u00fcber kurze Distanzen<\/li><li data-section-id=\"x115f5\" data-start=\"1759\" data-end=\"1840\">Den Transport von Laborproben zwischen Entnahmestelle und Analyselabor<\/li><li data-section-id=\"7pnbmv\" data-start=\"1841\" data-end=\"1946\">Die mobilen Eins\u00e4tze von Pflegekr\u00e4ften und \u00c4rzten, bei denen \u00fcber den gesamten Arbeitstag hinweg eine zuverl\u00e4ssige Temperaturhaltung gew\u00e4hrleistet sein muss<\/li><\/ul>\t\t\t\t\t\t\t\t<\/div>\n\t\t\t\t<div class=\"elementor-element elementor-element-8dea9ca elementor-widget elementor-widget-heading\" data-id=\"8dea9ca\" data-element_type=\"widget\" data-e-type=\"widget\" data-widget_type=\"heading.default\">\n\t\t\t\t\t<h1 class=\"elementor-heading-title elementor-size-default\">Leistung und Konformit\u00e4t<\/h1>\t\t\t\t<\/div>\n\t\t\t\t<div class=\"elementor-element elementor-element-4efa10b elementor-widget elementor-widget-text-editor\" data-id=\"4efa10b\" data-element_type=\"widget\" data-e-type=\"widget\" data-widget_type=\"text-editor.default\">\n\t\t\t\t\t\t\t\t\t<p class=\"PDq2pG_selectionAnchorContainer\" data-start=\"1980\" data-end=\"2133\">EMBALL&#8217;ISO testet seine Isoliertaschen unter realen Transportbedingungen. Die Modelle gew\u00e4hrleisten die Einhaltung eines Temperaturbereichs von +2 \u00b0C bis +8 \u00b0C \u00fcber einen Zeitraum von bis zu 24 Stunden. <\/p><p data-start=\"2135\" data-end=\"2432\">Die Isoliertasche basiert auf der AFNOR-Norm NF S 99-700, dem franz\u00f6sischen Referenzstandard f\u00fcr Systeme zur Aufrechterhaltung der K\u00fchlkette beim Transport von Gesundheitsprodukten. Sie stellt somit eine qualifizierte Transportl\u00f6sung dar und nicht lediglich ein herk\u00f6mmliches Isolierprodukt f\u00fcr den privaten Gebrauch. <\/p>\t\t\t\t\t\t\t\t<\/div>\n\t\t\t\t<div class=\"elementor-element elementor-element-b7e9df9 elementor-widget elementor-widget-heading\" data-id=\"b7e9df9\" data-element_type=\"widget\" data-e-type=\"widget\" data-widget_type=\"heading.default\">\n\t\t\t\t\t<h1 class=\"elementor-heading-title elementor-size-default\">Verf\u00fcgbare Formate<br \/><\/h1>\t\t\t\t<\/div>\n\t\t\t\t<div class=\"elementor-element elementor-element-a6d7165 elementor-widget elementor-widget-text-editor\" data-id=\"a6d7165\" data-element_type=\"widget\" data-e-type=\"widget\" data-widget_type=\"text-editor.default\">\n\t\t\t\t\t\t\t\t\t<p class=\"PDq2pG_selectionAnchorContainer\" data-start=\"2455\" data-end=\"2694\">Die Wahl der richtigen Isoliertasche h\u00e4ngt direkt vom zu transportierenden Volumen ab: Wird ein kleines Produkt in einer zu gro\u00dfen Tasche transportiert, kann dies die thermische Leistung beeintr\u00e4chtigen. EMBALL&#8217;ISO bietet daher eine Reihe von Innenvolumina an, die auf unterschiedliche Anforderungen abgestimmt sind.<br \/>  <\/p><p data-start=\"2696\" data-end=\"2800\">Die Standardausf\u00fchrung wird als Umh\u00e4ngetasche getragen; zus\u00e4tzlich ist auch ein Rucksackmodell erh\u00e4ltlich.<br \/><\/p>\t\t\t\t\t\t\t\t<\/div>\n\t\t\t\t<div class=\"elementor-element elementor-element-e23e762 elementor-widget elementor-widget-text-editor\" data-id=\"e23e762\" data-element_type=\"widget\" data-e-type=\"widget\" data-widget_type=\"text-editor.default\">\n\t\t\t\t\t\t\t\t\t<table style=\"width: 100%; border-collapse: collapse; font-size: 12px; color: #203a72;\">\n<thead>\n<tr style=\"background-color: #203a72; color: #ffffff; text-align: center;\">\n<th style=\"padding: 6px 8px; border: 0px; background: transparent;\">Innenvolumen<\/th>\n<th style=\"padding: 6px 8px; border: 0px; background: transparent;\">Typische Verwendung<\/th>\n<\/tr>\n<\/thead>\n<tbody>\n<tr style=\"background: #F4F8FE;\">\n<td style=\"padding: 6px 8px; border: 0px; text-align: left;\"><strong>1,2 L<\/strong><\/td>\n<td style=\"padding: 6px 8px; border: 0px; text-align: left;\">Individueller Transport, lokale Zustellrunden<\/td>\n<\/tr>\n<tr>\n<td style=\"padding: 6px 8px; border: 0px; text-align: left;\"><strong>3,6 L<\/strong><\/td>\n<td style=\"padding: 6px 8px; border: 0px; text-align: left;\">Kleine Chargen von Medikamenten oder Proben<\/td>\n<\/tr>\n<tr style=\"background: #F4F8FE;\">\n<td style=\"padding: 6px 8px; border: 0px; text-align: left;\"><strong>6,1 L<\/strong><\/td>\n<td style=\"padding: 6px 8px; border: 0px; text-align: left;\">Pflegerunden, mehrere Produkte<\/td>\n<\/tr>\n<tr>\n<td style=\"padding: 6px 8px; border: 0px; text-align: left;\"><strong>11 L<\/strong><\/td>\n<td style=\"padding: 6px 8px; border: 0px; text-align: left;\">Verteilung mehrerer Behandlungen<\/td>\n<\/tr>\n<tr style=\"background: #F4F8FE;\">\n<td style=\"padding: 6px 8px; border: 0px; text-align: left;\"><strong>15 L<\/strong><\/td>\n<td style=\"padding: 6px 8px; border: 0px; text-align: left;\">Rucksack mit erweitertem Volumen, f\u00fcr den professionellen Einsatz konzipiert<\/td>\n<\/tr>\n<\/tbody>\n<\/table>\t\t\t\t\t\t\t\t<\/div>\n\t\t\t\t<div class=\"elementor-element elementor-element-f5ba94a elementor-widget elementor-widget-spacer\" data-id=\"f5ba94a\" data-element_type=\"widget\" data-e-type=\"widget\" data-widget_type=\"spacer.default\">\n\t\t\t\t\t\t\t<div class=\"elementor-spacer\">\n\t\t\t<div class=\"elementor-spacer-inner\"><\/div>\n\t\t<\/div>\n\t\t\t\t\t\t<\/div>\n\t\t\t\t<div class=\"elementor-element elementor-element-ff5e9a6 elementor-widget elementor-widget-heading\" data-id=\"ff5e9a6\" data-element_type=\"widget\" data-e-type=\"widget\" data-widget_type=\"heading.default\">\n\t\t\t\t\t<h1 class=\"elementor-heading-title elementor-size-default\">Wie ist sie aufgebaut?<br \/><\/h1>\t\t\t\t<\/div>\n\t\t\t\t<div class=\"elementor-element elementor-element-c88e836 elementor-widget elementor-widget-text-editor\" data-id=\"c88e836\" data-element_type=\"widget\" data-e-type=\"widget\" data-widget_type=\"text-editor.default\">\n\t\t\t\t\t\t\t\t\t<p class=\"PDq2pG_selectionAnchorContainer\" data-start=\"3178\" data-end=\"3235\">Die Isoliertasche von EMBALL&#8217;ISO kombiniert mehrere Elemente:<br \/><\/p><ul data-start=\"3237\" data-end=\"3953\"><li data-section-id=\"mq4fzl\" data-start=\"3237\" data-end=\"3313\">Einen internen Isolierbeh\u00e4lter, der durch die textile Au\u00dfenh\u00fclle der Tasche gesch\u00fctzt wird.<\/li><li data-section-id=\"19b8p7r\" data-start=\"3314\" data-end=\"3599\">Eine nicht isolierte Fronttasche mit Rei\u00dfverschluss, die f\u00fcr Dokumente (Patientenakten, Lieferscheine usw.) vorgesehen ist. Sie darf nicht mit den internen F\u00e4chern verwechselt werden, da nur diese die Einhaltung der K\u00fchlkette gew\u00e4hrleisten.<br \/> <\/li><li data-section-id=\"10qlqup\" data-start=\"3600\" data-end=\"3953\">Die Tasche kann mit K\u00fchlelementen auf Basis von Gelwasser ausgestattet werden. Ein wichtiger Hinweis: Diese K\u00fchlelemente m\u00fcssen in einem daf\u00fcr vorgesehenen, von den transportierten Produkten getrennten Fach platziert werden, um das Risiko einer versehentlichen Gefrierbesch\u00e4digung auszuschlie\u00dfen. Dar\u00fcber hinaus ist unbedingt zu pr\u00fcfen, dass die K\u00fchlelemente vor der Verwendung vollst\u00e4ndig durchgefroren sind. Nur so kann die volle Leistungsf\u00e4higkeit des Systems gew\u00e4hrleistet werden.<br \/> <br \/>  <\/li><\/ul>\t\t\t\t\t\t\t\t<\/div>\n\t\t\t\t<div class=\"elementor-element elementor-element-1c8f641 elementor-widget elementor-widget-heading\" data-id=\"1c8f641\" data-element_type=\"widget\" data-e-type=\"widget\" data-widget_type=\"heading.default\">\n\t\t\t\t\t<h1 class=\"elementor-heading-title elementor-size-default\">Zusammenfassung<\/h1>\t\t\t\t<\/div>\n\t\t\t\t<div class=\"elementor-element elementor-element-a996559 elementor-widget elementor-widget-text-editor\" data-id=\"a996559\" data-element_type=\"widget\" data-e-type=\"widget\" data-widget_type=\"text-editor.default\">\n\t\t\t\t\t\t\t\t\t<p class=\"PDq2pG_selectionAnchorContainer\" data-start=\"5105\" data-end=\"5228\">Die medizinische Isoliertasche erg\u00e4nzt die pharmazeutische K\u00fchlkette genau dort, wo gro\u00dfvolumige Transportbeh\u00e4lter an ihre Grenzen sto\u00dfen: auf der letzten Meile.<\/p><p data-start=\"5230\" data-end=\"5467\">Sie wird unter realen Transportbedingungen getestet, entspricht der Norm NF S 99-700, ist in verschiedenen Gr\u00f6\u00dfen erh\u00e4ltlich und kann individuell angepasst werden. Damit stellt sie die ideale L\u00f6sung f\u00fcr eine sichere lokale Distribution temperatursensibler Produkte dar und gew\u00e4hrleistet die Einhaltung der K\u00fchlkette bis zum Endempf\u00e4nger.<\/p>\t\t\t\t\t\t\t\t<\/div>\n\t\t\t\t<div class=\"elementor-element elementor-element-8fd5435 elementor-align-center elementor-widget elementor-widget-button\" data-id=\"8fd5435\" data-element_type=\"widget\" data-e-type=\"widget\" data-widget_type=\"button.default\">\n\t\t\t\t\t\t\t\t\t\t<a class=\"elementor-button elementor-button-link elementor-size-sm\" href=\"https:\/\/www.emballiso.com\/de\/produit\/isothermal-bag\/\">\n\t\t\t\t\t\t<span class=\"elementor-button-content-wrapper\">\n\t\t\t\t\t\t\t\t\t<span class=\"elementor-button-text\">ISOTHERMAL BAG<\/span>\n\t\t\t\t\t<\/span>\n\t\t\t\t\t<\/a>\n\t\t\t\t\t\t\t\t<\/div>\n\t\t\t\t<\/div>\n\t\t\t\t<\/div>\n\t\t<div class=\"elementor-element elementor-element-fb57482 e-con-full e-flex e-con e-parent\" data-id=\"fb57482\" data-element_type=\"container\" data-e-type=\"container\" data-settings=\"{&quot;background_background&quot;:&quot;classic&quot;}\">\n\t\t<div class=\"elementor-element elementor-element-ad8cec7 e-flex e-con-boxed e-con e-child\" data-id=\"ad8cec7\" data-element_type=\"container\" data-e-type=\"container\" data-settings=\"{&quot;background_background&quot;:&quot;classic&quot;}\">\n\t\t\t\t\t<div class=\"e-con-inner\">\n\t\t\t\t<div class=\"elementor-element elementor-element-0dedb02 elementor-widget elementor-widget-heading\" data-id=\"0dedb02\" data-element_type=\"widget\" data-e-type=\"widget\" data-widget_type=\"heading.default\">\n\t\t\t\t\t<h2 class=\"elementor-heading-title elementor-size-default\">H\u00e4ufig gestellte Fragen\n\n\n\n<\/h2>\t\t\t\t<\/div>\n\t\t\t\t<div class=\"elementor-element elementor-element-deecf18 elementor-icon-list--layout-traditional elementor-list-item-link-full_width elementor-widget elementor-widget-icon-list\" data-id=\"deecf18\" data-element_type=\"widget\" data-e-type=\"widget\" data-widget_type=\"icon-list.default\">\n\t\t\t\t\t\t\t<ul class=\"elementor-icon-list-items\">\n\t\t\t\t\t\t\t<li class=\"elementor-icon-list-item\">\n\t\t\t\t\t\t\t\t\t\t\t<span class=\"elementor-icon-list-icon\">\n\t\t\t\t\t\t\t<svg aria-hidden=\"true\" class=\"e-font-icon-svg e-fas-check\" viewBox=\"0 0 512 512\" xmlns=\"http:\/\/www.w3.org\/2000\/svg\"><path d=\"M173.898 439.404l-166.4-166.4c-9.997-9.997-9.997-26.206 0-36.204l36.203-36.204c9.997-9.998 26.207-9.998 36.204 0L192 312.69 432.095 72.596c9.997-9.997 26.207-9.997 36.204 0l36.203 36.204c9.997 9.997 9.997 26.206 0 36.204l-294.4 294.401c-9.998 9.997-26.207 9.997-36.204-.001z\"><\/path><\/svg>\t\t\t\t\t\t<\/span>\n\t\t\t\t\t\t\t\t\t\t<span class=\"elementor-icon-list-text\"><b data-path-to-node=\"0\" data-index-in-node=\"0\" style=\"background-color: transparent;letter-spacing: 0px\">Was ist der Unterschied zwischen einer Isoliertasche und einer Isolierbox?<\/b><p data-path-to-node=\"1\"><\/p><span style=\"background-color: transparent;letter-spacing: 0px\">Eine Isolierbox (Polystyrol, VIP oder Polyurethan) ist f\u00fcr gr\u00f6\u00dfere Volumen und l\u00e4ngere Transportwege ausgelegt, h\u00e4ufig im Rahmen des Palettentransports. Eine Isoliertasche ist f\u00fcr die letzte Meile konzipiert: Lieferungen \u00fcber kurze Distanzen, die von Hand oder \u00fcber der Schulter getragen werden, und f\u00fcr eine k\u00fcrzere Zeitspanne (bis zu 24 Stunden).<\/span><span style=\"background-color: transparent;letter-spacing: 0px\"><\/span><br><\/span>\n\t\t\t\t\t\t\t\t\t<\/li>\n\t\t\t\t\t\t\t\t<li class=\"elementor-icon-list-item\">\n\t\t\t\t\t\t\t\t\t\t\t<span class=\"elementor-icon-list-icon\">\n\t\t\t\t\t\t\t<svg aria-hidden=\"true\" class=\"e-font-icon-svg e-fas-check\" viewBox=\"0 0 512 512\" xmlns=\"http:\/\/www.w3.org\/2000\/svg\"><path d=\"M173.898 439.404l-166.4-166.4c-9.997-9.997-9.997-26.206 0-36.204l36.203-36.204c9.997-9.998 26.207-9.998 36.204 0L192 312.69 432.095 72.596c9.997-9.997 26.207-9.997 36.204 0l36.203 36.204c9.997 9.997 9.997 26.206 0 36.204l-294.4 294.401c-9.998 9.997-26.207 9.997-36.204-.001z\"><\/path><\/svg>\t\t\t\t\t\t<\/span>\n\t\t\t\t\t\t\t\t\t\t<span class=\"elementor-icon-list-text\"><strong> <\/strong><b data-path-to-node=\"0\" data-index-in-node=\"0\" style=\"background-color: transparent;letter-spacing: 0px\">Welche Temperatur kann eine medizinische Isoliertasche halten?<\/b><p data-path-to-node=\"1\"><\/p><span style=\"background-color: transparent;letter-spacing: 0px\">Die Modelle von EMBALL'ISO halten einen Temperaturbereich von <\/span><b data-path-to-node=\"1\" data-index-in-node=\"62\" style=\"background-color: transparent;letter-spacing: 0px\">+2\u00b0C bis +8\u00b0C<\/b><span style=\"background-color: transparent;letter-spacing: 0px\"> aufrecht \u2013 den Referenzbereich f\u00fcr viele Impfstoffe, Insulinprodukte und biologische Produkte, die empfindlich auf Temperaturschwankungen reagieren.<\/span><span style=\"background-color: transparent;letter-spacing: 0px\"><\/span><br><\/span>\n\t\t\t\t\t\t\t\t\t<\/li>\n\t\t\t\t\t\t\t\t<li class=\"elementor-icon-list-item\">\n\t\t\t\t\t\t\t\t\t\t\t<span class=\"elementor-icon-list-icon\">\n\t\t\t\t\t\t\t<svg aria-hidden=\"true\" class=\"e-font-icon-svg e-fas-check\" viewBox=\"0 0 512 512\" xmlns=\"http:\/\/www.w3.org\/2000\/svg\"><path d=\"M173.898 439.404l-166.4-166.4c-9.997-9.997-9.997-26.206 0-36.204l36.203-36.204c9.997-9.998 26.207-9.998 36.204 0L192 312.69 432.095 72.596c9.997-9.997 26.207-9.997 36.204 0l36.203 36.204c9.997 9.997 9.997 26.206 0 36.204l-294.4 294.401c-9.998 9.997-26.207 9.997-36.204-.001z\"><\/path><\/svg>\t\t\t\t\t\t<\/span>\n\t\t\t\t\t\t\t\t\t\t<span class=\"elementor-icon-list-text\"><b>Wie lange kann eine Isoliertasche die erforderliche Temperatur halten?<\/b><br><span style=\"background-color: transparent;letter-spacing: 0px\">Bis zu 24 Stunden, unter Transportbedingungen, die unter realen Bedingungen getestet wurden.  <\/span><\/span>\n\t\t\t\t\t\t\t\t\t<\/li>\n\t\t\t\t\t\t\t\t<li class=\"elementor-icon-list-item\">\n\t\t\t\t\t\t\t\t\t\t\t<span class=\"elementor-icon-list-icon\">\n\t\t\t\t\t\t\t<svg aria-hidden=\"true\" class=\"e-font-icon-svg e-fas-check\" viewBox=\"0 0 512 512\" xmlns=\"http:\/\/www.w3.org\/2000\/svg\"><path d=\"M173.898 439.404l-166.4-166.4c-9.997-9.997-9.997-26.206 0-36.204l36.203-36.204c9.997-9.998 26.207-9.998 36.204 0L192 312.69 432.095 72.596c9.997-9.997 26.207-9.997 36.204 0l36.203 36.204c9.997 9.997 9.997 26.206 0 36.204l-294.4 294.401c-9.998 9.997-26.207 9.997-36.204-.001z\"><\/path><\/svg>\t\t\t\t\t\t<\/span>\n\t\t\t\t\t\t\t\t\t\t<span class=\"elementor-icon-list-text\"><b>Welches Volumen sollte ich w\u00e4hlen?<\/b> <span style=\"background-color: transparent;letter-spacing: 0px\">Das Volumen sollte zu den zu transportierenden Produkten passen. Eine zu gro\u00dfe Tasche kann die thermische Leistung beeintr\u00e4chtigen. EMBALL'ISO bietet Volumina von 1,2 L bis 15 L an und deckt damit ein breites Anwendungsspektrum ab \u2013 von Einzellieferungen bis hin zu intensiven professionellen Touren.<\/span><\/span>\n\t\t\t\t\t\t\t\t\t<\/li>\n\t\t\t\t\t\t<\/ul>\n\t\t\t\t\t\t<\/div>\n\t\t\t\t\t<\/div>\n\t\t\t\t<\/div>\n\t\t\t\t<\/div>\n\t\t<div class=\"elementor-element elementor-element-8cc797b e-flex e-con-boxed e-con e-parent\" data-id=\"8cc797b\" data-element_type=\"container\" data-e-type=\"container\">\n\t\t\t\t\t<div class=\"e-con-inner\">\n\t\t\t\t\t<\/div>\n\t\t\t\t<\/div>\n\t\t\t\t<\/div>\n\t\t","protected":false},"excerpt":{"rendered":"<p>Im Gegensatz zu einer K\u00fchlbox f\u00fcr den Endverbraucher wird eine professionelle Isoliertasche wie die von EMBALL&#8217;ISO unter realen Transportbedingungen getestet. Sie gew\u00e4hrleistet die Einhaltung eines Temperaturbereichs von +2 \u00b0C bis +8 \u00b0C f\u00fcr bis zu 24 Stunden und entspricht der Norm AFNOR NF S 99-700, welche Systeme zur Aufrechterhaltung der K\u00fchlkette regelt. Diese Norm dient dem Forschungs- und Entwicklungslabor als Referenz f\u00fcr die Durchf\u00fchrung thermischer Tests. <\/p>\n","protected":false},"author":4,"featured_media":25096,"comment_status":"closed","ping_status":"closed","sticky":false,"template":"","format":"standard","meta":{"_acf_changed":false,"footnotes":""},"categories":[139],"tags":[],"class_list":["post-25133","post","type-post","status-publish","format-standard","has-post-thumbnail","hentry","category-temperature-controlled-packaging-systems-guide"],"acf":[],"_links":{"self":[{"href":"https:\/\/www.emballiso.com\/de\/wp-json\/wp\/v2\/posts\/25133","targetHints":{"allow":["GET"]}}],"collection":[{"href":"https:\/\/www.emballiso.com\/de\/wp-json\/wp\/v2\/posts"}],"about":[{"href":"https:\/\/www.emballiso.com\/de\/wp-json\/wp\/v2\/types\/post"}],"author":[{"embeddable":true,"href":"https:\/\/www.emballiso.com\/de\/wp-json\/wp\/v2\/users\/4"}],"replies":[{"embeddable":true,"href":"https:\/\/www.emballiso.com\/de\/wp-json\/wp\/v2\/comments?post=25133"}],"version-history":[{"count":10,"href":"https:\/\/www.emballiso.com\/de\/wp-json\/wp\/v2\/posts\/25133\/revisions"}],"predecessor-version":[{"id":25201,"href":"https:\/\/www.emballiso.com\/de\/wp-json\/wp\/v2\/posts\/25133\/revisions\/25201"}],"wp:featuredmedia":[{"embeddable":true,"href":"https:\/\/www.emballiso.com\/de\/wp-json\/wp\/v2\/media\/25096"}],"wp:attachment":[{"href":"https:\/\/www.emballiso.com\/de\/wp-json\/wp\/v2\/media?parent=25133"}],"wp:term":[{"taxonomy":"category","embeddable":true,"href":"https:\/\/www.emballiso.com\/de\/wp-json\/wp\/v2\/categories?post=25133"},{"taxonomy":"post_tag","embeddable":true,"href":"https:\/\/www.emballiso.com\/de\/wp-json\/wp\/v2\/tags?post=25133"}],"curies":[{"name":"wp","href":"https:\/\/api.w.org\/{rel}","templated":true}]}}